{"id":547,"date":"2013-07-01T16:27:40","date_gmt":"2013-07-01T15:27:40","guid":{"rendered":"http:\/\/eletfuszerei.hu\/?p=547"},"modified":"2013-07-01T16:27:40","modified_gmt":"2013-07-01T15:27:40","slug":"suliszunet-meggyszuret","status":"publish","type":"post","link":"https:\/\/eletfuszerei.hu\/?p=547","title":{"rendered":"Sulisz\u00fcnet &#8211; meggysz\u00fcret  :))"},"content":{"rendered":"<p><a href=\"https:\/\/eletfuszerei.hu\/wp-content\/uploads\/2013\/07\/pizap.com13726907704061.jpg\"><img loading=\"lazy\" decoding=\"async\" class=\"aligncenter size-medium wp-image-548\" alt=\"pizap.com13726907704061\" src=\"https:\/\/eletfuszerei.hu\/wp-content\/uploads\/2013\/07\/pizap.com13726907704061-300x225.jpg\" width=\"300\" height=\"225\" srcset=\"https:\/\/eletfuszerei.hu\/wp-content\/uploads\/2013\/07\/pizap.com13726907704061-300x225.jpg 300w, https:\/\/eletfuszerei.hu\/wp-content\/uploads\/2013\/07\/pizap.com13726907704061.jpg 1024w\" sizes=\"auto, (max-width: 300px) 100vw, 300px\" \/><\/a><\/p>\n<p><span style=\"font-family: comic sans ms,sans-serif;\">A kert\u00fcnkben a tavalyi \u00e9v sor\u00e1n t\u00f6meges mon\u00edlia-fert\u0151z\u00e9s puszt\u00edtott. Ennek esett \u00e1ldozat\u00e1ul t\u00f6bbek k\u00f6z\u00f6tt 4 meggyf\u00e1m is \ud83d\ude41\u00a0 Egy kicsi fa t\u00fal\u00e9lte a fert\u0151z\u00e9st, \u00e9s megh\u00e1l\u00e1lva a gondos \u00e1pol\u00e1st, id\u00e9n j\u00f3kora gy\u00fcm\u00f6lcshozammal \u00f6rvendeztetett meg minket. \u00d6sszesen 15 kg meggyet adott, m\u00e9ghozz\u00e1 a jobbik fajt\u00e1b\u00f3l \ud83d\ude42<\/span><\/p>\n<p><span style=\"font-family: comic sans ms,sans-serif;\">Neki is est\u00fcnk a gyerekekkel, kosarat, l\u00e9tr\u00e1t ragadtunk \u00e9s ir\u00e1ny a kert. Mire apu haza\u00e9rt, m\u00e1r rotyogott a lekv\u00e1r.<\/span><\/p>\n<p><span style=\"font-family: comic sans ms,sans-serif;\">\u00c9n a lekv\u00e1rf\u0151z\u00e9st &#8211; bevallom &#8211; nagy m\u00e9rt\u00e9kben leegyszer\u0171s\u00edtettem. A tiszt\u00edtott, magozott meggyet lem\u00e9rtem, \u00e9s egy nagy faz\u00e9kban feltettem f\u0151ni. Amikor a lev\u00e9nek nagy r\u00e9sz\u00e9t elf\u0151tte, botmixerrel \u00f6sszez\u00faztam \u00e9s tov\u00e1bb f\u0151ztem, m\u00edg be nem s\u0171r\u0171s\u00f6d\u00f6tt. Ekkor hozz\u00e1adtam kil\u00f3nk\u00e9nt 50 dkg cukrot \u00e9s m\u00e9g 30 percig f\u0151ztem. Miut\u00e1n elz\u00e1rtam a g\u00e1zt, a teljes lekv\u00e1rmennyis\u00e9gben elkevertem 0,5 dl tequil\u00e1t. \u00dcvegekbe t\u00f6lt\u00f6ttem \u00e9s minden \u00fcveg tetej\u00e9re csipetnyi &#8211; vagy m\u00e9g ann\u00e1l is kevesebb &#8211; szalicilt tettem.\u00a0 Ennyi. \u00c9vek \u00f3ta \u00edgy teszem el a meggylekv\u00e1rt \u00e9s m\u00e9g nem volt r\u00e1 panasz. A tequila egyr\u00e9szt tart\u00f3s\u00edtja, m\u00e1sr\u00e9szt nagyon kellemes \u00edzt ad a meggynek.\u00a0 Keny\u00e9rre kenve, palacsint\u00e1ba vagy s\u00fctem\u00e9nybe t\u00f6ltve isteni!<\/span><\/p>\n<p>Hajr\u00e1! Tess\u00e9k kipr\u00f3b\u00e1lni! \ud83d\ude42<\/p>\n<div id=\"wp_fb_like_button\" style=\"margin:5px 0;float:none;height:100px;\"><script src=\"http:\/\/connect.facebook.net\/en_US\/all.js#xfbml=1\"><\/script><fb:like href=\"https:\/\/eletfuszerei.hu\/?p=547\" send=\"true\" layout=\"button_count\" width=\"450\" show_faces=\"true\" font=\"arial\" action=\"like\" colorscheme=\"light\"><\/fb:like><\/div>","protected":false},"excerpt":{"rendered":"<p>A kert\u00fcnkben a tavalyi \u00e9v sor\u00e1n t\u00f6meges mon\u00edlia-fert\u0151z\u00e9s puszt\u00edtott. Ennek esett \u00e1ldozat\u00e1ul t\u00f6bbek k\u00f6z\u00f6tt 4 meggyf\u00e1m is \ud83d\ude41\u00a0 Egy kicsi fa t\u00fal\u00e9lte a fert\u0151z\u00e9st, \u00e9s megh\u00e1l\u00e1lva a gondos \u00e1pol\u00e1st, id\u00e9n j\u00f3kora gy\u00fcm\u00f6lcshozammal \u00f6rvendeztetett meg minket. \u00d6sszesen 15 kg meggyet adott, m\u00e9ghozz\u00e1 a jobbik fajt\u00e1b\u00f3l \ud83d\ude42 Neki is est\u00fcnk a gyerekekkel, kosarat, l\u00e9tr\u00e1t ragadtunk \u00e9s ir\u00e1ny [&hellip;]<\/p>\n","protected":false},"author":1,"featured_media":0,"comment_status":"open","ping_status":"open","sticky":false,"template":"","format":"standard","meta":{"footnotes":""},"categories":[9],"tags":[81,51],"class_list":["post-547","post","type-post","status-publish","format-standard","hentry","category-a-kamra-polcra","tag-lekvar","tag-nyar"],"_links":{"self":[{"href":"https:\/\/eletfuszerei.hu\/index.php?rest_route=\/wp\/v2\/posts\/547","targetHints":{"allow":["GET"]}}],"collection":[{"href":"https:\/\/eletfuszerei.hu\/index.php?rest_route=\/wp\/v2\/posts"}],"about":[{"href":"https:\/\/eletfuszerei.hu\/index.php?rest_route=\/wp\/v2\/types\/post"}],"author":[{"embeddable":true,"href":"https:\/\/eletfuszerei.hu\/index.php?rest_route=\/wp\/v2\/users\/1"}],"replies":[{"embeddable":true,"href":"https:\/\/eletfuszerei.hu\/index.php?rest_route=%2Fwp%2Fv2%2Fcomments&post=547"}],"version-history":[{"count":0,"href":"https:\/\/eletfuszerei.hu\/index.php?rest_route=\/wp\/v2\/posts\/547\/revisions"}],"wp:attachment":[{"href":"https:\/\/eletfuszerei.hu\/index.php?rest_route=%2Fwp%2Fv2%2Fmedia&parent=547"}],"wp:term":[{"taxonomy":"category","embeddable":true,"href":"https:\/\/eletfuszerei.hu\/index.php?rest_route=%2Fwp%2Fv2%2Fcategories&post=547"},{"taxonomy":"post_tag","embeddable":true,"href":"https:\/\/eletfuszerei.hu\/index.php?rest_route=%2Fwp%2Fv2%2Ftags&post=547"}],"curies":[{"name":"wp","href":"https:\/\/api.w.org\/{rel}","templated":true}]}}